{"id":153,"date":"2016-03-02T09:50:01","date_gmt":"2016-03-02T07:50:01","guid":{"rendered":"http:\/\/neptun22-kv.de\/?p=153"},"modified":"2016-03-02T09:50:01","modified_gmt":"2016-03-02T07:50:01","slug":"jahreshauptversammlung-der-kv-in-ploen","status":"publish","type":"post","link":"https:\/\/neptun22-kv.de\/?p=153","title":{"rendered":"Jahreshauptversammlung der KV in Pl\u00f6n"},"content":{"rendered":"<p><strong>Klasse war bei PSV eingeladen!<\/strong><\/p>\n<p>Die diesj\u00e4hrige JHV fand in den R\u00e4umen des Pl\u00f6ner Seglervereins statt, die Mitglieder wurden im Namen des PSV von Harald Friedrichs, 2.Vors. der KV, begr\u00fc\u00dft.<\/p>\n<p>Die Versammlung wurde vom 1. Vorsitzenden, Stefan Schultz, geleitet; tatkr\u00e4ftige Unterst\u00fctzung erhielt er\u00a0vom Kaffee- und Kuchenbuffet, das Haralds Frau Ulrike gesponsert hatte.<\/p>\n<p>Nachdem das obligatorische Protokoll abgearbeitet war -Wahlen standen in diesem Jahr nicht zur Verf\u00fcgung- wurde der Entwurf f\u00fcr eine \u00dcberarbeitung der Klassenvorschrift (die sogen. &#8222;Bauvorschrift&#8220;) vorgestellt und besprochen. Diese \u00dcberarbeitung hat im wesentlichen redaktionelle und rechtschreibliche Anpassungen vor, bessere Lesbarkeit der technischen Zeichnungen und Konkretisierung einzelner Ma\u00dfe. Die Diskussion hier\u00fcber ist aber noch nicht abgeschlossen und es sollen im Laufe des Jahres weitere Meinungen eingeholt werden um zum Ende des Jahres ggf. zu einer abstimmungsreifen Vorlage zu kommen.<\/p>\n<p>F\u00fcr alle Interessierten hier die Ausf\u00fchrungen des 1.Vorsitzenden Stefan Schultz: <a href=\"http:\/\/neptun22-kv.de\/wp-content\/uploads\/2016\/03\/Bericht_zu_2015.pdf\" rel=\"\">Bericht_zu_2015<\/a><\/p>\n<p>Der Abend klang dann entspannt und mit viel Seemannsgarn im Kelle des PSV aus. Dank noch einmal an den PSV das wir bei euch zu Gast sein durften. Wir sehen uns im Sommer zur Stadtmeisterschaft der N22.<\/p>\n","protected":false},"excerpt":{"rendered":"<p>Klasse war bei PSV eingeladen! Die diesj\u00e4hrige JHV fand in den R\u00e4umen des Pl\u00f6ner Seglervereins statt, die Mitglieder wurden im Namen des PSV von Harald Friedrichs, 2.Vors. der KV, begr\u00fc\u00dft. Die Versammlung wurde vom 1. Vorsitzenden, Stefan Schultz, geleitet; tatkr\u00e4ftige<\/p>\n","protected":false},"author":1,"featured_media":0,"comment_status":"closed","ping_status":"open","sticky":false,"template":"","format":"standard","meta":{"jetpack_post_was_ever_published":false,"_jetpack_newsletter_access":"","footnotes":"","jetpack_publicize_message":"","jetpack_is_tweetstorm":false,"jetpack_publicize_feature_enabled":true,"jetpack_social_post_already_shared":false,"jetpack_social_options":{"image_generator_settings":{"template":"highway","enabled":false}}},"categories":[1],"tags":[],"jetpack_publicize_connections":[],"jetpack_featured_media_url":"","jetpack_sharing_enabled":true,"jetpack_shortlink":"https:\/\/wp.me\/p8CHLN-2t","jetpack-related-posts":[{"id":144,"url":"https:\/\/neptun22-kv.de\/?p=144","url_meta":{"origin":153,"position":0},"title":"Einladung zur JHV &#038; Flottentreffen in Pl\u00f6n","author":"admin","date":"21. Januar 2016","format":false,"excerpt":"Die Klassenvereinigung l\u00e4dt die Neptun22 Seglerinnen und Segler nebst Anhang ganz herzlich ein: Am Samstag, 06.02.2016 findet die diesj\u00e4hrige Jahreshauptversammlung der Klassenvereinigung beim PSV von 1908 in Pl\u00f6n im Clubhaus ab 15:00 Uhr statt. Einladung_zur_jhv2016 Im Anschluss findet ab ca. 18:00 Uhr das Flottentreffen der Neptun22-Segler statt. Hierzu sind alle\u2026","rel":"","context":"In &quot;Allgemein&quot;","block_context":{"text":"Allgemein","link":"https:\/\/neptun22-kv.de\/?cat=1"},"img":{"alt_text":"","src":"","width":0,"height":0},"classes":[]},{"id":97,"url":"https:\/\/neptun22-kv.de\/?p=97","url_meta":{"origin":153,"position":1},"title":"Jahreshauptversammlung und Flottentreffen 2015 in Steinhude","author":"admin","date":"4. M\u00e4rz 2015","format":false,"excerpt":"genauer gesagt, beim `Yachtclub von Hagenburg\u00b4 in Hagenburg am Samstag, 14. Februar 2015. Am Samstagnachmittag fand die diesj\u00e4hrige Mitgliederversammlung der Klassenvereinigung bei herrlichstem Fr\u00fchjahrswetter am Steinhuder Meer statt. Insgesamt waren (mit Stimm\u00fcbertragung) 14 Mitglieder anwesend. Der Vorsitzende Harald Friedrichs fiel leider krankheitsbedingt aus, daf\u00fcr leitete sein Stellvertreter, Stefan Schultz die\u2026","rel":"","context":"In &quot;Allgemein&quot;","block_context":{"text":"Allgemein","link":"https:\/\/neptun22-kv.de\/?cat=1"},"img":{"alt_text":"","src":"","width":0,"height":0},"classes":[]},{"id":48,"url":"https:\/\/neptun22-kv.de\/?p=48","url_meta":{"origin":153,"position":2},"title":"Ein frohes und erfolgreiches Jahr 2014!","author":"admin","date":"31. Dezember 2013","format":false,"excerpt":"Liebe N22-Seglerinnen und -Segler, wir, der Vorstand der Klassenvereinigung und die Onlineredaktion, w\u00fcnschen euch eine sch\u00f6ne Segelsaison 2014 mit viel Sonne und ausreichendem Wind. Pers\u00f6nlich w\u00fcnschen wir Gesundheit, Zufriedenheit und Erfolg. Hier noch einige Termine f\u00fcr den Monat Januar: - \u00a0am\u00a0 FR, 10.01. 2014 findet\u00a0das Flottentreffen der Pl\u00f6ner N22-Segler beim\u2026","rel":"","context":"In &quot;Allgemein&quot;","block_context":{"text":"Allgemein","link":"https:\/\/neptun22-kv.de\/?cat=1"},"img":{"alt_text":"","src":"","width":0,"height":0},"classes":[]},{"id":136,"url":"https:\/\/neptun22-kv.de\/?p=136","url_meta":{"origin":153,"position":3},"title":"N22-Segler erfolgreich bei der 40.Eisernen 2015 am Bodensee","author":"admin","date":"2. Dezember 2015","format":false,"excerpt":"Steinhuder Team drittplaziert in der YS-Gruppe 5 und auf Platz zw\u00f6lf in der Gesamtwertung kurze Bahn mit fast 140 Startern! Vom Steinhuder Meer reisten Marco Pesalla und Stefan Schultz mit der MAJ\u00d6 -GER 783- an und vom D\u00fcmmer kamen Helmut G\u00f6tz und Rainer Altvater mit der Calypso -GER 433-. Helmut\u2026","rel":"","context":"In &quot;Allgemein&quot;","block_context":{"text":"Allgemein","link":"https:\/\/neptun22-kv.de\/?cat=1"},"img":{"alt_text":"IMG_5931","src":"https:\/\/i0.wp.com\/neptun22-kv.de\/wp-content\/uploads\/2015\/12\/IMG_5931.jpg?resize=350%2C200","width":350,"height":200,"srcset":"https:\/\/i0.wp.com\/neptun22-kv.de\/wp-content\/uploads\/2015\/12\/IMG_5931.jpg?resize=350%2C200 1x, https:\/\/i0.wp.com\/neptun22-kv.de\/wp-content\/uploads\/2015\/12\/IMG_5931.jpg?resize=700%2C400 2x, https:\/\/i0.wp.com\/neptun22-kv.de\/wp-content\/uploads\/2015\/12\/IMG_5931.jpg?resize=1050%2C600 3x, https:\/\/i0.wp.com\/neptun22-kv.de\/wp-content\/uploads\/2015\/12\/IMG_5931.jpg?resize=1400%2C800 4x"},"classes":[]},{"id":80,"url":"https:\/\/neptun22-kv.de\/?p=80","url_meta":{"origin":153,"position":4},"title":"Niedersachsensegler erfolgreich am Bodensee","author":"admin","date":"25. Dezember 2014","format":false,"excerpt":"Neptun 22 Segler bei der \"39.Eisernen\" am 30.11.2014 in Konstanz mit einer Beteiligung von fast 250 Booten hervorragendes Ergebnis gesegelt! Zusammen mit den N22-Freunden vom Hagenburger Yachtclub aus Steinhude, die die beiden SCLer \u00fcberredet hatten mitzukommen, verbrachten Helmut und Rainer, mit der N22 Calypso GER 433,\u00a0zusammen mit Stefan Schulz und\u2026","rel":"","context":"In &quot;Allgemein&quot;","block_context":{"text":"Allgemein","link":"https:\/\/neptun22-kv.de\/?cat=1"},"img":{"alt_text":"Calypso-am-Bodensee-2014-November","src":"https:\/\/i0.wp.com\/scl-duemmer.de\/wp-content\/gallery\/sonstige\/Calypso-am-Bodensee-2014-November.png?resize=350%2C200","width":350,"height":200},"classes":[]},{"id":142,"url":"https:\/\/neptun22-kv.de\/?p=142","url_meta":{"origin":153,"position":5},"title":"Noch ein R\u00fcckblick auf 2015","author":"admin","date":"19. Januar 2016","format":false,"excerpt":"Blaues Band der Schlei \u2013 2015 Eigentlich ist die Zeit der Jahresr\u00fcckblicke ja schon l\u00e4ngs zu Ende, aber in Vorfreude auf die neue Saison, habe ich noch mal das letzte Jahr Revue passieren lassen. Und als Highlight nat\u00fcrlich das Blaue Band der Schlei. Die Schlei empfing uns am 25.09. mit\u2026","rel":"","context":"In &quot;Allgemein&quot;","block_context":{"text":"Allgemein","link":"https:\/\/neptun22-kv.de\/?cat=1"},"img":{"alt_text":"","src":"","width":0,"height":0},"classes":[]}],"_links":{"self":[{"href":"https:\/\/neptun22-kv.de\/index.php?rest_route=\/wp\/v2\/posts\/153"}],"collection":[{"href":"https:\/\/neptun22-kv.de\/index.php?rest_route=\/wp\/v2\/posts"}],"about":[{"href":"https:\/\/neptun22-kv.de\/index.php?rest_route=\/wp\/v2\/types\/post"}],"author":[{"embeddable":true,"href":"https:\/\/neptun22-kv.de\/index.php?rest_route=\/wp\/v2\/users\/1"}],"replies":[{"embeddable":true,"href":"https:\/\/neptun22-kv.de\/index.php?rest_route=%2Fwp%2Fv2%2Fcomments&post=153"}],"version-history":[{"count":2,"href":"https:\/\/neptun22-kv.de\/index.php?rest_route=\/wp\/v2\/posts\/153\/revisions"}],"predecessor-version":[{"id":156,"href":"https:\/\/neptun22-kv.de\/index.php?rest_route=\/wp\/v2\/posts\/153\/revisions\/156"}],"wp:attachment":[{"href":"https:\/\/neptun22-kv.de\/index.php?rest_route=%2Fwp%2Fv2%2Fmedia&parent=153"}],"wp:term":[{"taxonomy":"category","embeddable":true,"href":"https:\/\/neptun22-kv.de\/index.php?rest_route=%2Fwp%2Fv2%2Fcategories&post=153"},{"taxonomy":"post_tag","embeddable":true,"href":"https:\/\/neptun22-kv.de\/index.php?rest_route=%2Fwp%2Fv2%2Ftags&post=153"}],"curies":[{"name":"wp","href":"https:\/\/api.w.org\/{rel}","templated":true}]}}