{"id":97,"date":"2015-03-04T19:46:45","date_gmt":"2015-03-04T17:46:45","guid":{"rendered":"http:\/\/neptun22-kv.de\/?p=97"},"modified":"2015-03-04T20:28:46","modified_gmt":"2015-03-04T18:28:46","slug":"jahreshauptversammlung-und-flottentreffen-2015-in-steinhude","status":"publish","type":"post","link":"https:\/\/neptun22-kv.de\/?p=97","title":{"rendered":"Jahreshauptversammlung und Flottentreffen 2015 in Steinhude"},"content":{"rendered":"<p><strong>genauer gesagt, beim `Yachtclub von Hagenburg\u00b4 in Hagenburg am Samstag, 14. Februar 2015.<\/strong><\/p>\n<p>Am Samstagnachmittag fand die diesj\u00e4hrige Mitgliederversammlung der Klassenvereinigung bei herrlichstem Fr\u00fchjahrswetter am Steinhuder Meer statt. Insgesamt waren (mit Stimm\u00fcbertragung) 14 Mitglieder anwesend. Der Vorsitzende Harald Friedrichs fiel leider krankheitsbedingt aus, daf\u00fcr leitete sein Stellvertreter, Stefan Schultz die Sitzung.<\/p>\n<p>Hier nun einige Highlights der Versammlung:<\/p>\n<ul>\n<li>Stefan und Harald tauschten ihre \u00c4mter; Stefan Schultz wurde zum ersten, Harald Friedrichs zum zweiten Vorsitzenden gew\u00e4hlt. Christian Hodde wurde im Amt des Kassierers wieder gew\u00e4hlt.<\/li>\n<li>Die Klassenvereinigung hat ihr Logo redesigned wie oben im Bild auf der Homepage nun dargestellt.<\/li>\n<li>Die Klassenvorschriften sollen redaktionell mit kleinen \u00c4nderungen bis zum Herbst \u00fcberarbeitet werden, damit sie dann beim DSV eingereicht werden k\u00f6nnen.<\/li>\n<li>Die n\u00e4chste MV soll im Februar 2016 in Pl\u00f6n stattfinden.<\/li>\n<\/ul>\n<p>Im Anschluss fand das Flottentreffen Niedersachsen statt. Hier nahmen auch &#8222;Dickschiffsegler&#8220; vom D\u00fcmmer und Steinhuder Meer teil, so dass diese Veranstaltung mit \u00fcber 30 G\u00e4sten stattfand. Stefan und Marco nochmals herzlichen Dank f\u00fcr die Organisation und das tolle Essen. Die letzten Segler verlie\u00dfen die Party nach Mitternacht!<\/p>\n","protected":false},"excerpt":{"rendered":"<p>genauer gesagt, beim `Yachtclub von Hagenburg\u00b4 in Hagenburg am Samstag, 14. Februar 2015. Am Samstagnachmittag fand die diesj\u00e4hrige Mitgliederversammlung der Klassenvereinigung bei herrlichstem Fr\u00fchjahrswetter am Steinhuder Meer statt. Insgesamt waren (mit Stimm\u00fcbertragung) 14 Mitglieder anwesend. Der Vorsitzende Harald Friedrichs fiel<\/p>\n","protected":false},"author":1,"featured_media":0,"comment_status":"closed","ping_status":"open","sticky":false,"template":"","format":"standard","meta":{"jetpack_post_was_ever_published":false,"_jetpack_newsletter_access":"","footnotes":"","jetpack_publicize_message":"","jetpack_is_tweetstorm":false,"jetpack_publicize_feature_enabled":true,"jetpack_social_post_already_shared":false,"jetpack_social_options":{"image_generator_settings":{"template":"highway","enabled":false}}},"categories":[1],"tags":[],"jetpack_publicize_connections":[],"jetpack_featured_media_url":"","jetpack_sharing_enabled":true,"jetpack_shortlink":"https:\/\/wp.me\/p8CHLN-1z","jetpack-related-posts":[{"id":153,"url":"https:\/\/neptun22-kv.de\/?p=153","url_meta":{"origin":97,"position":0},"title":"Jahreshauptversammlung der KV in Pl\u00f6n","author":"admin","date":"2. M\u00e4rz 2016","format":false,"excerpt":"Klasse war bei PSV eingeladen! Die diesj\u00e4hrige JHV fand in den R\u00e4umen des Pl\u00f6ner Seglervereins statt, die Mitglieder wurden im Namen des PSV von Harald Friedrichs, 2.Vors. der KV, begr\u00fc\u00dft. Die Versammlung wurde vom 1. Vorsitzenden, Stefan Schultz, geleitet; tatkr\u00e4ftige Unterst\u00fctzung erhielt er\u00a0vom Kaffee- und Kuchenbuffet, das Haralds Frau Ulrike\u2026","rel":"","context":"In &quot;Allgemein&quot;","block_context":{"text":"Allgemein","link":"https:\/\/neptun22-kv.de\/?cat=1"},"img":{"alt_text":"","src":"","width":0,"height":0},"classes":[]},{"id":136,"url":"https:\/\/neptun22-kv.de\/?p=136","url_meta":{"origin":97,"position":1},"title":"N22-Segler erfolgreich bei der 40.Eisernen 2015 am Bodensee","author":"admin","date":"2. Dezember 2015","format":false,"excerpt":"Steinhuder Team drittplaziert in der YS-Gruppe 5 und auf Platz zw\u00f6lf in der Gesamtwertung kurze Bahn mit fast 140 Startern! Vom Steinhuder Meer reisten Marco Pesalla und Stefan Schultz mit der MAJ\u00d6 -GER 783- an und vom D\u00fcmmer kamen Helmut G\u00f6tz und Rainer Altvater mit der Calypso -GER 433-. Helmut\u2026","rel":"","context":"In &quot;Allgemein&quot;","block_context":{"text":"Allgemein","link":"https:\/\/neptun22-kv.de\/?cat=1"},"img":{"alt_text":"IMG_5931","src":"https:\/\/i0.wp.com\/neptun22-kv.de\/wp-content\/uploads\/2015\/12\/IMG_5931.jpg?resize=350%2C200","width":350,"height":200,"srcset":"https:\/\/i0.wp.com\/neptun22-kv.de\/wp-content\/uploads\/2015\/12\/IMG_5931.jpg?resize=350%2C200 1x, https:\/\/i0.wp.com\/neptun22-kv.de\/wp-content\/uploads\/2015\/12\/IMG_5931.jpg?resize=700%2C400 2x, https:\/\/i0.wp.com\/neptun22-kv.de\/wp-content\/uploads\/2015\/12\/IMG_5931.jpg?resize=1050%2C600 3x, https:\/\/i0.wp.com\/neptun22-kv.de\/wp-content\/uploads\/2015\/12\/IMG_5931.jpg?resize=1400%2C800 4x"},"classes":[]},{"id":144,"url":"https:\/\/neptun22-kv.de\/?p=144","url_meta":{"origin":97,"position":2},"title":"Einladung zur JHV &#038; Flottentreffen in Pl\u00f6n","author":"admin","date":"21. Januar 2016","format":false,"excerpt":"Die Klassenvereinigung l\u00e4dt die Neptun22 Seglerinnen und Segler nebst Anhang ganz herzlich ein: Am Samstag, 06.02.2016 findet die diesj\u00e4hrige Jahreshauptversammlung der Klassenvereinigung beim PSV von 1908 in Pl\u00f6n im Clubhaus ab 15:00 Uhr statt. Einladung_zur_jhv2016 Im Anschluss findet ab ca. 18:00 Uhr das Flottentreffen der Neptun22-Segler statt. Hierzu sind alle\u2026","rel":"","context":"In &quot;Allgemein&quot;","block_context":{"text":"Allgemein","link":"https:\/\/neptun22-kv.de\/?cat=1"},"img":{"alt_text":"","src":"","width":0,"height":0},"classes":[]},{"id":251,"url":"https:\/\/neptun22-kv.de\/?p=251","url_meta":{"origin":97,"position":3},"title":"JHV 2017 in Hagenburg","author":"admin","date":"16. April 2017","format":false,"excerpt":"Bei sommerlichen Temperaturen fand die diesj\u00e4hrige Jahreshauptversammlung\u00a0\u00a0am Steinhuder Meer\u00a0statt.Am Samstag, 01.April 2017, trafen sich die Seglerinnen und Segler der Klassenvereinigung in\u00a0 Hagenburg auf Einladung des Vorstands zur Jahreshauptversammlung. Die wichtigsten Punkte:\u00a0Wiederwahl des amtierenden Vorstands und die vorhergehende Entlastung des Kassierers. Stefan, 1.Vorsitzender, schaute in seinem Bericht auf die ausgefallene \"Steinhuder-Meer-Rund\"\u2026","rel":"","context":"In &quot;Allgemein&quot;","block_context":{"text":"Allgemein","link":"https:\/\/neptun22-kv.de\/?cat=1"},"img":{"alt_text":"","src":"https:\/\/i0.wp.com\/neptun22-kv.de\/wp-content\/uploads\/2017\/04\/Versammlung-2017-300x225.jpg?resize=350%2C200","width":350,"height":200},"classes":[]},{"id":142,"url":"https:\/\/neptun22-kv.de\/?p=142","url_meta":{"origin":97,"position":4},"title":"Noch ein R\u00fcckblick auf 2015","author":"admin","date":"19. Januar 2016","format":false,"excerpt":"Blaues Band der Schlei \u2013 2015 Eigentlich ist die Zeit der Jahresr\u00fcckblicke ja schon l\u00e4ngs zu Ende, aber in Vorfreude auf die neue Saison, habe ich noch mal das letzte Jahr Revue passieren lassen. Und als Highlight nat\u00fcrlich das Blaue Band der Schlei. Die Schlei empfing uns am 25.09. mit\u2026","rel":"","context":"In &quot;Allgemein&quot;","block_context":{"text":"Allgemein","link":"https:\/\/neptun22-kv.de\/?cat=1"},"img":{"alt_text":"","src":"","width":0,"height":0},"classes":[]},{"id":48,"url":"https:\/\/neptun22-kv.de\/?p=48","url_meta":{"origin":97,"position":5},"title":"Ein frohes und erfolgreiches Jahr 2014!","author":"admin","date":"31. Dezember 2013","format":false,"excerpt":"Liebe N22-Seglerinnen und -Segler, wir, der Vorstand der Klassenvereinigung und die Onlineredaktion, w\u00fcnschen euch eine sch\u00f6ne Segelsaison 2014 mit viel Sonne und ausreichendem Wind. Pers\u00f6nlich w\u00fcnschen wir Gesundheit, Zufriedenheit und Erfolg. Hier noch einige Termine f\u00fcr den Monat Januar: - \u00a0am\u00a0 FR, 10.01. 2014 findet\u00a0das Flottentreffen der Pl\u00f6ner N22-Segler beim\u2026","rel":"","context":"In &quot;Allgemein&quot;","block_context":{"text":"Allgemein","link":"https:\/\/neptun22-kv.de\/?cat=1"},"img":{"alt_text":"","src":"","width":0,"height":0},"classes":[]}],"_links":{"self":[{"href":"https:\/\/neptun22-kv.de\/index.php?rest_route=\/wp\/v2\/posts\/97"}],"collection":[{"href":"https:\/\/neptun22-kv.de\/index.php?rest_route=\/wp\/v2\/posts"}],"about":[{"href":"https:\/\/neptun22-kv.de\/index.php?rest_route=\/wp\/v2\/types\/post"}],"author":[{"embeddable":true,"href":"https:\/\/neptun22-kv.de\/index.php?rest_route=\/wp\/v2\/users\/1"}],"replies":[{"embeddable":true,"href":"https:\/\/neptun22-kv.de\/index.php?rest_route=%2Fwp%2Fv2%2Fcomments&post=97"}],"version-history":[{"count":5,"href":"https:\/\/neptun22-kv.de\/index.php?rest_route=\/wp\/v2\/posts\/97\/revisions"}],"predecessor-version":[{"id":102,"href":"https:\/\/neptun22-kv.de\/index.php?rest_route=\/wp\/v2\/posts\/97\/revisions\/102"}],"wp:attachment":[{"href":"https:\/\/neptun22-kv.de\/index.php?rest_route=%2Fwp%2Fv2%2Fmedia&parent=97"}],"wp:term":[{"taxonomy":"category","embeddable":true,"href":"https:\/\/neptun22-kv.de\/index.php?rest_route=%2Fwp%2Fv2%2Fcategories&post=97"},{"taxonomy":"post_tag","embeddable":true,"href":"https:\/\/neptun22-kv.de\/index.php?rest_route=%2Fwp%2Fv2%2Ftags&post=97"}],"curies":[{"name":"wp","href":"https:\/\/api.w.org\/{rel}","templated":true}]}}